{"@context":"https:\/\/schema.org\/","@type":"CollectionPage","@id":"https:\/\/www.hellp.cz\/deti\/#CollectionPage","headline":"D\u011bti Category","description":"","url":"https:\/\/www.hellp.cz\/deti\/","hasPart":[{"@type":"Article","@id":"https:\/\/www.hellp.cz\/vychova-zalozena-na-motivaci\/","headline":"V\u00fdchova zalo\u017een\u00e1 na motivaci","url":"https:\/\/www.hellp.cz\/vychova-zalozena-na-motivaci\/","datePublished":"2022-01-16","dateModified":"2023-04-29","mainEntityOfPage":"https:\/\/www.hellp.cz\/vychova-zalozena-na-motivaci\/","author":{"@type":"Person","@id":"https:\/\/www.hellp.cz\/author\/#Person","name":"","url":"https:\/\/www.hellp.cz\/author\/","identifier":1,"image":{"@type":"ImageObject","@id":"https:\/\/secure.gravatar.com\/avatar\/383247cd769f7ac317a5bcda943ec48a3c79d996598ae4564ec21a0e178126d1?s=96&d=mm&r=g","url":"https:\/\/secure.gravatar.com\/avatar\/383247cd769f7ac317a5bcda943ec48a3c79d996598ae4564ec21a0e178126d1?s=96&d=mm&r=g","height":96,"width":96}},"publisher":{"@type":"Organization","name":"hellp.cz","logo":{"@type":"ImageObject","@id":"\/logo.png","url":"\/logo.png","width":600,"height":60}},"image":{"@type":"ImageObject","@id":"https:\/\/www.hellp.cz\/wp-content\/uploads\/home-5574909_640.jpg","url":"https:\/\/www.hellp.cz\/wp-content\/uploads\/home-5574909_640.jpg","height":0,"width":0},"keywords":null},{"@type":"Article","@id":"https:\/\/www.hellp.cz\/jak-na-deti\/","headline":"Jak na d\u011bti","url":"https:\/\/www.hellp.cz\/jak-na-deti\/","datePublished":"2020-03-02","dateModified":"2023-04-29","mainEntityOfPage":"https:\/\/www.hellp.cz\/jak-na-deti\/","author":{"@type":"Person","@id":"https:\/\/www.hellp.cz\/author\/#Person","name":"","url":"https:\/\/www.hellp.cz\/author\/","identifier":1,"image":{"@type":"ImageObject","@id":"https:\/\/secure.gravatar.com\/avatar\/383247cd769f7ac317a5bcda943ec48a3c79d996598ae4564ec21a0e178126d1?s=96&d=mm&r=g","url":"https:\/\/secure.gravatar.com\/avatar\/383247cd769f7ac317a5bcda943ec48a3c79d996598ae4564ec21a0e178126d1?s=96&d=mm&r=g","height":96,"width":96}},"publisher":{"@type":"Organization","name":"hellp.cz","logo":{"@type":"ImageObject","@id":"\/logo.png","url":"\/logo.png","width":600,"height":60}},"image":{"@type":"ImageObject","@id":"https:\/\/www.hellp.cz\/wp-content\/uploads\/img_a372672_w3743_t1584086158.jpg","url":"https:\/\/www.hellp.cz\/wp-content\/uploads\/img_a372672_w3743_t1584086158.jpg","height":0,"width":0},"keywords":null},{"@type":"Article","@id":"https:\/\/www.hellp.cz\/neobvinujte-jedinacky-z-egoismu-ne-vzdy-je-tomu-tak\/","headline":"Neobvi\u0148ujte jedin\u00e1\u010dky z egoismu! Ne v\u017edy je tomu tak.","url":"https:\/\/www.hellp.cz\/neobvinujte-jedinacky-z-egoismu-ne-vzdy-je-tomu-tak\/","datePublished":"2019-08-16","dateModified":"2023-04-29","mainEntityOfPage":"https:\/\/www.hellp.cz\/neobvinujte-jedinacky-z-egoismu-ne-vzdy-je-tomu-tak\/","author":{"@type":"Person","@id":"https:\/\/www.hellp.cz\/author\/#Person","name":"","url":"https:\/\/www.hellp.cz\/author\/","identifier":1,"image":{"@type":"ImageObject","@id":"https:\/\/secure.gravatar.com\/avatar\/383247cd769f7ac317a5bcda943ec48a3c79d996598ae4564ec21a0e178126d1?s=96&d=mm&r=g","url":"https:\/\/secure.gravatar.com\/avatar\/383247cd769f7ac317a5bcda943ec48a3c79d996598ae4564ec21a0e178126d1?s=96&d=mm&r=g","height":96,"width":96}},"publisher":{"@type":"Organization","name":"hellp.cz","logo":{"@type":"ImageObject","@id":"\/logo.png","url":"\/logo.png","width":600,"height":60}},"image":{"@type":"ImageObject","@id":"https:\/\/www.hellp.cz\/wp-content\/uploads\/img_a353931_w3098_t1568482495.jpg","url":"https:\/\/www.hellp.cz\/wp-content\/uploads\/img_a353931_w3098_t1568482495.jpg","height":0,"width":0},"keywords":null},{"@type":"Article","@id":"https:\/\/www.hellp.cz\/at-si-deti-pres-leto-zastrileji\/","headline":"A\u0165 si d\u011bti p\u0159es l\u00e9to zast\u0159\u00edlej\u00ed","url":"https:\/\/www.hellp.cz\/at-si-deti-pres-leto-zastrileji\/","datePublished":"2018-03-06","dateModified":"2023-04-29","mainEntityOfPage":"https:\/\/www.hellp.cz\/at-si-deti-pres-leto-zastrileji\/","author":{"@type":"Person","@id":"https:\/\/www.hellp.cz\/author\/#Person","name":"","url":"https:\/\/www.hellp.cz\/author\/","identifier":1,"image":{"@type":"ImageObject","@id":"https:\/\/secure.gravatar.com\/avatar\/383247cd769f7ac317a5bcda943ec48a3c79d996598ae4564ec21a0e178126d1?s=96&d=mm&r=g","url":"https:\/\/secure.gravatar.com\/avatar\/383247cd769f7ac317a5bcda943ec48a3c79d996598ae4564ec21a0e178126d1?s=96&d=mm&r=g","height":96,"width":96}},"publisher":{"@type":"Organization","name":"hellp.cz","logo":{"@type":"ImageObject","@id":"\/logo.png","url":"\/logo.png","width":600,"height":60}},"image":{"@type":"ImageObject","@id":"https:\/\/www.hellp.cz\/wp-content\/uploads\/img_a314145_w2336_t1524901674.jpg","url":"https:\/\/www.hellp.cz\/wp-content\/uploads\/img_a314145_w2336_t1524901674.jpg","height":0,"width":0},"keywords":null},{"@type":"Article","@id":"https:\/\/www.hellp.cz\/nesudme-chapejme\/","headline":"Nesu\u010fme \u2013 ch\u00e1pejme","url":"https:\/\/www.hellp.cz\/nesudme-chapejme\/","datePublished":"2017-12-09","dateModified":"2023-04-29","mainEntityOfPage":"https:\/\/www.hellp.cz\/nesudme-chapejme\/","author":{"@type":"Person","@id":"https:\/\/www.hellp.cz\/author\/#Person","name":"","url":"https:\/\/www.hellp.cz\/author\/","identifier":1,"image":{"@type":"ImageObject","@id":"https:\/\/secure.gravatar.com\/avatar\/383247cd769f7ac317a5bcda943ec48a3c79d996598ae4564ec21a0e178126d1?s=96&d=mm&r=g","url":"https:\/\/secure.gravatar.com\/avatar\/383247cd769f7ac317a5bcda943ec48a3c79d996598ae4564ec21a0e178126d1?s=96&d=mm&r=g","height":96,"width":96}},"publisher":{"@type":"Organization","name":"hellp.cz","logo":{"@type":"ImageObject","@id":"\/logo.png","url":"\/logo.png","width":600,"height":60}},"image":{"@type":"ImageObject","@id":"https:\/\/www.hellp.cz\/wp-content\/uploads\/img_a305791_w2321_t1517222995.jpg","url":"https:\/\/www.hellp.cz\/wp-content\/uploads\/img_a305791_w2321_t1517222995.jpg","height":0,"width":0},"keywords":null}]}