[{"@context":"https:\/\/schema.org\/","@type":"Article","@id":"https:\/\/www.hellp.cz\/kde-vynikne-kamen-porfyr\/#Article","mainEntityOfPage":"https:\/\/www.hellp.cz\/kde-vynikne-kamen-porfyr\/","headline":"Kde vynikne k\u00e1men porfyr","name":"Kde vynikne k\u00e1men porfyr","description":"Obkladov\u00fd porfyr K\u00e1men porfyr je skv\u011blou volbou pro obklady st\u011bn v interi\u00e9ru i v exteri\u00e9ru, zvl\u00e1\u0161t\u011b kr\u00e1sn\u011b vynik\u00e1 u staveb, kter\u00e9 se lad\u00ed do stylu horsk\u00fdch d\u0159ev\u011bnic, penzion\u016f a rodinn\u00fdch dom\u016f, kde vystupuj\u00ed krom\u011b hladk\u00e9 b\u00edl\u00e9 \u010di kr\u00e9mov\u00e9 fas\u00e1dy i d\u0159ev\u011bn\u00e9 prvky tr\u00e1mov\u00ed, okenn\u00edch \u0161palet, ark\u00fd\u0159\u016f, balkon\u016f, a teras. K\u00e1men porfyr m\u00e1 velmi p\u011bknou povrchovou strukturu a barevnost, kde p\u0159evl\u00e1daj\u00ed \u0161edav\u00e9 odst\u00edny s p\u0159\u00edm\u011bs\u00ed sv\u011btle hn\u011bd\u00e9 a\u017e do oran\u017eova. Na...","datePublished":"2021-10-06","dateModified":"2023-09-21","author":{"@type":"Person","@id":"https:\/\/www.hellp.cz\/author\/#Person","name":"","url":"https:\/\/www.hellp.cz\/author\/","identifier":1,"image":{"@type":"ImageObject","@id":"https:\/\/secure.gravatar.com\/avatar\/383247cd769f7ac317a5bcda943ec48a3c79d996598ae4564ec21a0e178126d1?s=96&d=mm&r=g","url":"https:\/\/secure.gravatar.com\/avatar\/383247cd769f7ac317a5bcda943ec48a3c79d996598ae4564ec21a0e178126d1?s=96&d=mm&r=g","height":96,"width":96}},"publisher":{"@type":"Organization","name":"hellp.cz","logo":{"@type":"ImageObject","@id":"\/logo.png","url":"\/logo.png","width":600,"height":60}},"image":{"@type":"ImageObject","@id":"https:\/\/www.hellp.cz\/wp-content\/uploads\/hever-castle-521173_640.jpg","url":"https:\/\/www.hellp.cz\/wp-content\/uploads\/hever-castle-521173_640.jpg","height":0,"width":0},"url":"https:\/\/www.hellp.cz\/kde-vynikne-kamen-porfyr\/","about":["V\u00fdrobky"],"wordCount":410,"articleBody":"Obkladov\u00fd porfyrK\u00e1men porfyr je skv\u011blou volbou pro obklady st\u011bn v interi\u00e9ru i v exteri\u00e9ru, zvl\u00e1\u0161t\u011b kr\u00e1sn\u011b vynik\u00e1 u staveb, kter\u00e9 se lad\u00ed do stylu horsk\u00fdch d\u0159ev\u011bnic, penzion\u016f a rodinn\u00fdch dom\u016f, kde vystupuj\u00ed krom\u011b hladk\u00e9 b\u00edl\u00e9 \u010di kr\u00e9mov\u00e9 fas\u00e1dy i d\u0159ev\u011bn\u00e9 prvky tr\u00e1mov\u00ed, okenn\u00edch \u0161palet, ark\u00fd\u0159\u016f, balkon\u016f, a teras. K\u00e1men porfyr m\u00e1 velmi p\u011bknou povrchovou strukturu a barevnost, kde p\u0159evl\u00e1daj\u00ed \u0161edav\u00e9 odst\u00edny s p\u0159\u00edm\u011bs\u00ed sv\u011btle hn\u011bd\u00e9 a\u017e do oran\u017eova. Na st\u011bn\u00e1ch dom\u016f p\u016fsob\u00ed majest\u00e1tn\u011b, vytv\u00e1\u0159\u00ed luxusn\u00ed dojem a p\u0159edev\u0161\u00edm dod\u00e1v\u00e1 cel\u00e9mu objektu p\u0159irozen\u00e9 vzez\u0159en\u00ed, kter\u00e9 zapad\u00e1 do okoln\u00ed p\u0159\u00edrody.Obkl\u00e1dat porfyrem lze mimo jin\u00e9 i krby, vnit\u0159n\u00ed zd\u011bn\u00e9 kom\u00edny, \u010d\u00e1sti st\u011bn, r\u016fzn\u00e9 v\u00fdklenky a velmi zaj\u00edmav\u011b vynikne i ve spole\u010densk\u00fdch prostor\u00e1ch, jako jsou nap\u0159. horsk\u00e9 restaurace ve vy\u0161\u0161\u00edch poloh\u00e1ch, dostupn\u00e9 v r\u00e1mci turistick\u00e9ho ruchu.Porfyr na podlazeKdo uva\u017euje o vyt\u00e1p\u011bn\u00ed v podlaze, m\u011bl by se alespo\u0148 zamyslet nad t\u00edm, zda nevyu\u017e\u00edt vlastnosti p\u0159\u00edrodn\u00edho kamene i v tomto sm\u011bru. Podlahov\u00e9 vyt\u00e1p\u011bn\u00ed je v\u00fdhodn\u00e9 v tom, \u017ee se l\u00e9pe udr\u017euje teplo u zem\u011b, co\u017e je problematick\u00e9 u p\u0159\u00edmotop\u016f nebo radi\u00e1tor\u016f. M\u016f\u017eete jej vyu\u017e\u00edt i v kombinaci s oh\u0159evem vody v z\u00e1sobn\u00edku prost\u0159ednictv\u00edm krbov\u00e9 vlo\u017eky a zv\u00fd\u0161it t\u00edm komfort pobytu v obytn\u00e9 m\u00edstnosti.Vyh\u0159\u00e1t\u00fd k\u00e1men na podlaze dob\u0159e akumuluje teplo a postupn\u011b jej p\u0159ed\u00e1v\u00e1 sv\u00e9mu okol\u00ed, m\u016f\u017eete se tu klidn\u011b v zim\u011b proch\u00e1zet naboso a nebudete si doma p\u0159ipadat, \u017ee je v\u00e1m zima od nohou. Ch\u016fze naboso po kamenech je nav\u00edc zdrav\u00e1 i s ohledem na stimulaci reflexn\u00edch bod\u016f na chodidlech.Kamenn\u00e1 dla\u017eba je pochopiteln\u011b velmi trvanliv\u00e1, je to lep\u0161\u00ed volba v tomto sm\u011bru ve srovn\u00e1n\u00ed s keramickou dla\u017ebou, plovouc\u00ed podlahou, vinylem \u010di masivn\u00edm d\u0159evem. M\u016f\u017eete ji i extr\u00e9mn\u011b zat\u00ed\u017eit n\u00e1bytkem a proch\u00e1zet se po n\u00ed v obuvi. Odol\u00e1 i p\u00e1du t\u011b\u017e\u0161\u00edch p\u0159edm\u011bt\u016f, co\u017e ocen\u00edte nap\u0159. v kuchyni, kde v\u00e1m m\u016f\u017ee na zem upadnout n\u011bjak\u00e9 n\u00e1dob\u00ed.                                                                                                                                                                                                                                                                                                                                                                                         5\/5 - (1 vote)        "},{"@context":"https:\/\/schema.org\/","@type":"BreadcrumbList","itemListElement":[{"@type":"ListItem","position":1,"name":"Kde vynikne k\u00e1men porfyr","item":"https:\/\/www.hellp.cz\/kde-vynikne-kamen-porfyr\/#breadcrumbitem"}]}]