[{"@context":"https:\/\/schema.org\/","@type":"Article","@id":"https:\/\/www.hellp.cz\/mame-neco-pro-ty-co-nemaji-radi-slunce-za-volantem\/#Article","mainEntityOfPage":"https:\/\/www.hellp.cz\/mame-neco-pro-ty-co-nemaji-radi-slunce-za-volantem\/","headline":"M\u00e1me n\u011bco pro ty, co nemaj\u00ed r\u00e1di slunce za volantem","name":"M\u00e1me n\u011bco pro ty, co nemaj\u00ed r\u00e1di slunce za volantem","description":"A\u0165 u\u017e proti slunci, nebo proti zlod\u011bj\u016fm, na\u0161e autof\u00f3lie jsou osv\u011bd\u010den\u00e9 a namontovan\u00e9 ji\u017e na n\u011bkolik tis\u00edc\u00edch aut. Pt\u00e1te se pro\u010d? Proto\u017ee m\u00e1me to nejlep\u0161\u00ed z\u00e1zem\u00ed pro mont\u00e1\u017e, vysoce kvalitn\u00ed f\u00f3lie a k tomu v\u0161emu dobr\u00e9ho ducha, kter\u00fd n\u00e1m pom\u00e1h\u00e1 d\u011blat na\u0161i pr\u00e1ci nejl\u00e9pe, jak um\u00edme. Vyu\u017eijte tak \u0161anci i vy, jak si zlep\u0161it auto, nechte si do sv\u00e9ho auta d\u00e1t autof\u00f3lie, kter\u00e9 zlep\u0161\u00ed klima ve va\u0161em aut\u011b, nebo odvr\u00e1t\u00ed...","datePublished":"2025-03-10","dateModified":"2025-03-10","author":{"@type":"Person","@id":"https:\/\/www.hellp.cz\/author\/#Person","name":"","url":"https:\/\/www.hellp.cz\/author\/","identifier":1,"image":{"@type":"ImageObject","@id":"https:\/\/secure.gravatar.com\/avatar\/383247cd769f7ac317a5bcda943ec48a3c79d996598ae4564ec21a0e178126d1?s=96&d=mm&r=g","url":"https:\/\/secure.gravatar.com\/avatar\/383247cd769f7ac317a5bcda943ec48a3c79d996598ae4564ec21a0e178126d1?s=96&d=mm&r=g","height":96,"width":96}},"publisher":{"@type":"Organization","name":"hellp.cz","logo":{"@type":"ImageObject","@id":"\/logo.png","url":"\/logo.png","width":600,"height":60}},"url":"https:\/\/www.hellp.cz\/mame-neco-pro-ty-co-nemaji-radi-slunce-za-volantem\/","wordCount":205,"articleBody":"A\u0165 u\u017e proti slunci, nebo proti zlod\u011bj\u016fm, na\u0161e autof\u00f3lie jsou osv\u011bd\u010den\u00e9 a namontovan\u00e9 ji\u017e na n\u011bkolik tis\u00edc\u00edch aut. Pt\u00e1te se pro\u010d? Proto\u017ee m\u00e1me to nejlep\u0161\u00ed z\u00e1zem\u00ed pro mont\u00e1\u017e, vysoce kvalitn\u00ed f\u00f3lie a k tomu v\u0161emu dobr\u00e9ho ducha, kter\u00fd n\u00e1m pom\u00e1h\u00e1 d\u011blat na\u0161i pr\u00e1ci nejl\u00e9pe, jak um\u00edme.Vyu\u017eijte tak \u0161anci i vy, jak si zlep\u0161it auto, nechte si do sv\u00e9ho auta d\u00e1t autof\u00f3lie, kter\u00e9 zlep\u0161\u00ed klima ve va\u0161em aut\u011b, nebo odvr\u00e1t\u00ed hrozbu zlod\u011bj\u016f. Uvid\u00edte, \u017ee na\u0161e autof\u00f3lie budou ty nejlep\u0161\u00ed, \u017ee se v\u00e1m budou zajist\u00e9 l\u00edbit, a to nejen d\u00edky sv\u00fdm funkc\u00edm.Jsme ti nejlep\u0161\u00edPokud st\u00e1le v\u00e1h\u00e1te, jestli si f\u00f3lie na ok\u00fdnka d\u00e1t, m\u011bli byste v\u011bd\u011bt, \u017ee pr\u00e1v\u011b my jsme s na\u0161imi f\u00f3liemi vyhr\u00e1li celost\u00e1tn\u00ed sout\u011b\u017ee na vysok\u00e9 \u00farovni, a to je dobr\u00e9 v\u011bd\u011bt, kdy\u017e uva\u017eujete, jak\u00e9 si nech\u00e1te na sv\u00e9 auto d\u00e1t. P\u0159em\u00fd\u0161lejte tak chyt\u0159e, a nechte se obslou\u017eit profesion\u00e1ly.                                                                                                                                                                                                                                                                                                                                                                                                "},{"@context":"https:\/\/schema.org\/","@type":"BreadcrumbList","itemListElement":[{"@type":"ListItem","position":1,"name":"M\u00e1me n\u011bco pro ty, co nemaj\u00ed r\u00e1di slunce za volantem","item":"https:\/\/www.hellp.cz\/mame-neco-pro-ty-co-nemaji-radi-slunce-za-volantem\/#breadcrumbitem"}]}]