[{"@context":"https:\/\/schema.org\/","@type":"Article","@id":"https:\/\/www.hellp.cz\/mikrovlnna-trouba\/#Article","mainEntityOfPage":"https:\/\/www.hellp.cz\/mikrovlnna-trouba\/","headline":"Mikrovlnn\u00e1 trouba","name":"Mikrovlnn\u00e1 trouba","description":"P\u0159i v\u00fdb\u011bru nov\u00e9 mikrovlnky je pot\u0159eba si p\u0159edem zjistit p\u00e1r v\u011bc\u00ed. Ty nejd\u016fle\u017eit\u011bj\u0161\u00ed si uk\u00e1\u017eeme v\u00a0tomto \u010dl\u00e1nku. Pokud m\u00e1te vestav\u011bnou troubu nebo ji pot\u0159ebujete d\u00e1t do omezen\u00e9ho prostoru, tak si zm\u011b\u0159te rozm\u011bry tohoto m\u00edsta, aby se V\u00e1m tam vlezla. Ov\u0161em jen n\u011bkter\u00e9 trouby jsou vhodn\u00e9 pro vestavbu p\u0159\u00edmo do kuchyn\u011b. Zjist\u011bte si tak\u00e9 pr\u016fm\u011br Va\u0161eho tal\u00ed\u0159e, proto\u017ee zejm\u00e9na velk\u00e9 hranat\u00e9 tal\u00ed\u0159e se do n\u00ed nemus\u00ed vl\u00e9zt. Obvykle se do mikrovlnky...","datePublished":"2019-09-01","dateModified":"2023-04-29","author":{"@type":"Person","@id":"https:\/\/www.hellp.cz\/author\/#Person","name":"","url":"https:\/\/www.hellp.cz\/author\/","identifier":1,"image":{"@type":"ImageObject","@id":"https:\/\/secure.gravatar.com\/avatar\/383247cd769f7ac317a5bcda943ec48a3c79d996598ae4564ec21a0e178126d1?s=96&d=mm&r=g","url":"https:\/\/secure.gravatar.com\/avatar\/383247cd769f7ac317a5bcda943ec48a3c79d996598ae4564ec21a0e178126d1?s=96&d=mm&r=g","height":96,"width":96}},"publisher":{"@type":"Organization","name":"hellp.cz","logo":{"@type":"ImageObject","@id":"\/logo.png","url":"\/logo.png","width":600,"height":60}},"image":{"@type":"ImageObject","@id":"https:\/\/www.hellp.cz\/wp-content\/uploads\/img_a355257_w3429_t1569668134.png","url":"https:\/\/www.hellp.cz\/wp-content\/uploads\/img_a355257_w3429_t1569668134.png","height":0,"width":0},"url":"https:\/\/www.hellp.cz\/mikrovlnna-trouba\/","about":["Elektro"],"wordCount":406,"articleBody":"P\u0159i v\u00fdb\u011bru nov\u00e9 mikrovlnky je pot\u0159eba si p\u0159edem zjistit p\u00e1r v\u011bc\u00ed. Ty nejd\u016fle\u017eit\u011bj\u0161\u00ed si uk\u00e1\u017eeme v\u00a0tomto \u010dl\u00e1nku. Pokud m\u00e1te vestav\u011bnou troubu nebo ji pot\u0159ebujete d\u00e1t do omezen\u00e9ho prostoru, tak si zm\u011b\u0159te rozm\u011bry tohoto m\u00edsta, aby se V\u00e1m tam vlezla. Ov\u0161em jen n\u011bkter\u00e9 trouby jsou vhodn\u00e9 pro vestavbu p\u0159\u00edmo do kuchyn\u011b. Zjist\u011bte si tak\u00e9 pr\u016fm\u011br Va\u0161eho tal\u00ed\u0159e, proto\u017ee zejm\u00e9na velk\u00e9 hranat\u00e9 tal\u00ed\u0159e se do n\u00ed nemus\u00ed vl\u00e9zt. Obvykle se do mikrovlnky vleze tal\u00ed\u0159 a\u017e o pr\u016fm\u011bru 24,5 cm. Potom nesm\u00edte zapom\u00ednat na v\u00fdkon, Ten ur\u010dit\u011b ovlivn\u00ed d\u00e9lku oh\u0159\u00edv\u00e1n\u00ed j\u00eddla na tal\u00ed\u0159i, abyste nemuseli dlouho \u010dekat. N\u011bkdo si je\u0161t\u011b potrp\u00ed na design \u010di barvu, aby ladila k\u00a0st\u00e1vaj\u00edc\u00ed kuchyni.\tSamsung F300G MS23F301TAS\tJe vyrobena ze speci\u00e1ln\u00edch materi\u00e1l\u016f, kter\u00e9 jsou odoln\u00e9 proti bakteri\u00edm a z\u00e1rove\u0148 chr\u00e1n\u00ed p\u0159ed mechanick\u00fdm znehodnocen\u00edm. Je vybavena dvaceti funkcemi pro r\u016fzn\u00e9 p\u0159ipravov\u00e1n\u00ed stravy, kter\u00e1 bude nejen rychle hotov\u00e9, ale i sv\u011b\u017e\u00ed. Uvnit\u0159 m\u00e1 pevn\u00fd keramick\u00fd povrch, co\u017e zajist\u00ed nezni\u010den\u00ed povrchu a snadnou \u00fadr\u017ebu. Nav\u00edc i p\u011bkn\u011b vypad\u00e1, a proto zapadne i do Va\u0161\u00ed kuchyn\u011b. Sklo je \u010dern\u00e9 s\u00a0elegantn\u00edmi linkami. Ihned po prvn\u00edm prohl\u00e9dnut\u00ed uvid\u00edte dominantn\u00ed pravou stranu se v\u0161emi praktick\u00fdmi ovl\u00e1dac\u00edmi prvky. Funguje s\u00a0pomoc\u00ed trojit\u00fdch mikrovln, co\u017e zajist\u00ed rychl\u00e9 proh\u0159\u00e1t\u00ed a\u017e do hloubky j\u00eddla.\t\tDaewoo KOR 6S20W\tOproti p\u0159edch\u00e1zej\u00edc\u00ed mikrovlnn\u00e9 troub\u011b je o polovinu levn\u011bj\u0161\u00ed, ov\u0161em pro oby\u010dejn\u00e9 pou\u017e\u00edv\u00e1n\u00ed naprosto posta\u010d\u00ed. Je to takov\u00e1 oby\u010dejn\u00e1 b\u00edl\u00e1 trouba, kter\u00e1 vzhledem neuraz\u00ed a zaujme klasikou. Nem\u00e1 digit\u00e1ln\u00ed display, tak\u017ee nehroz\u00ed jeho poka\u017een\u00ed. Ovl\u00e1d\u00e1n\u00ed je velice jednoduch\u00e9 pomoc\u00ed ot\u00e1\u010den\u00ed klasick\u00fdch kole\u010dek. Nen\u00ed ani nijak hlu\u010dn\u00e1, oproti n\u011bkter\u00fdm star\u0161\u00edm model\u016fm. M\u016f\u017eete j\u00ed vyu\u017e\u00edt i na chat\u011b nebo jinde. Je to zkr\u00e1tka takov\u00e1 jednoduch\u00e1 mikrovlnka, co\u017e si i z\u00e1kazn\u00edci chv\u00e1l\u00ed. Jen po\u010d\u00edtejte s\u00a0t\u00edm, \u017ee m\u00e1 jen p\u0159\u00edvodn\u00ed \u0161n\u016fru dlouhou 0,8 metru. I s v\u00e1hou 9,7kg se \u0159ad\u00ed to t\u011bch leh\u010d\u00edch model\u016f.                                                                                                                                                                                                                                                                                                                                                                                        3.9\/5 - (8 votes)        "},{"@context":"https:\/\/schema.org\/","@type":"BreadcrumbList","itemListElement":[{"@type":"ListItem","position":1,"name":"Mikrovlnn\u00e1 trouba","item":"https:\/\/www.hellp.cz\/mikrovlnna-trouba\/#breadcrumbitem"}]}]